{"id":65,"date":"2025-07-21T12:49:45","date_gmt":"2025-07-21T12:49:45","guid":{"rendered":"http:\/\/www.sirketler.net\/?p=65"},"modified":"2025-09-03T18:12:05","modified_gmt":"2025-09-03T18:12:05","slug":"atakent-ozel-proje-alani-ve-tema-parkta-ilk-adimlar-atiliyor","status":"publish","type":"post","link":"https:\/\/www.sirketler.net\/index.php\/2025\/07\/21\/atakent-ozel-proje-alani-ve-tema-parkta-ilk-adimlar-atiliyor\/","title":{"rendered":"Atakent \u00d6zel Proje Alan\u0131 ve Tema Park&#8217;ta \u0130lk Ad\u0131mlar At\u0131l\u0131yor"},"content":{"rendered":"<p><a href=\"http:\/\/www.sirketler.net\/wp-content\/uploads\/2011\/11\/atakent-ozel-proje-alani-tema-park.jpg\"><img loading=\"lazy\" decoding=\"async\" class=\"alignnone size-medium wp-image-66\" title=\"atakent-ozel-proje-alani-tema-park\" src=\"http:\/\/www.sirketler.net\/wp-content\/uploads\/2011\/11\/atakent-ozel-proje-alani-tema-park-300x147.jpg\" alt=\"\" width=\"300\" height=\"147\" srcset=\"https:\/\/www.sirketler.net\/wp-content\/uploads\/2011\/11\/atakent-ozel-proje-alani-tema-park-300x147.jpg 300w, https:\/\/www.sirketler.net\/wp-content\/uploads\/2011\/11\/atakent-ozel-proje-alani-tema-park.jpg 500w\" sizes=\"auto, (max-width: 300px) 100vw, 300px\" \/><\/a><\/p>\n<p>T\u00fcrkiye&#8217;nin en b\u00fcy\u00fck ve en \u00f6nemli projeleri aras\u0131nda yer alan Atakent \u00d6zel Proje Alan\u0131 ve Tema Park Projesinde, ilk ad\u0131mlar at\u0131lmaya ba\u015fland\u0131, ihaleyi kazanan Mesa Mesken &amp; Kantur-Akda\u015f \u0130\u015f Ortakl\u0131\u011f\u0131, en az yakla\u015f\u0131k 2 milyar TL de\u011fer belirlenen projenin y\u0131lda yakla\u015f\u0131k 23 milyon ziyaret\u00e7i \u00e7ekece\u011fini, in\u015faat a\u015famas\u0131nda 4 bin, sonras\u0131nda ise 8 bin ki\u015fiye istihdam sa\u011flayaca\u011f\u0131n\u0131 bildirdi.<\/p>\n<p>Toplu Konut \u0130daresi (TOK\u00ce)&#8217;ye en y\u00fcksek teklifi vererek \u0130stanbul Atakent \u00d6zel Proje Alan\u0131 ile Do\u011fa ve E\u011flence Park\u0131 (Tema Park) ihalesini kazanan Mesa Mesken ve Kantur-Akda\u015f \u0130\u015f Ortakl\u0131\u011f\u0131, projeye dair ilk bilgiler d\u00fczenlenen bir toplant\u0131 ile payla\u015f\u0131ld\u0131. Mesa Y\u00f6netim Kurulu Ba\u015fkam Erhan Boysano\u011flu, Mesa Y\u00f6netim Kurulu \u00dcyesi ve Genel M\u00fcd\u00fcr\u00fc Ahmet Can Aynag\u00f6z ve Kantur-Akda\u015f Y\u00f6netim Kurulu Ba\u015fkan\u0131 Ali Kantur, proje ile ilgili ya\u015fanan geli\u015fmeleri aktard\u0131.<\/p>\n<p>Yakla\u015f\u0131k 1,5 milyon metrekarelik (1.489.962 metrekare) bir alam kapsayan projede; konut, AVM, sinema, out-let, hipermarket, otel, kongre merkezi, fuar merkezi, hastane, okul, do\u011fa ve e\u011flence park\u0131 (Tema Park) ile bu alanlar\u0131 destekleyecek di\u011fer yap\u0131lar bulunacak.<\/p>\n<p><strong>&#8220;40 Y\u0131l\u0131n birikimi bu projeye yans\u0131yacak&#8221;<\/strong><\/p>\n<p>T\u00fcrkiye&#8217;ye ve \u0130stanbul&#8217;a de\u011fer katacak sembol bir proje ger\u00e7ekle\u015ftirmek i\u00e7in 40 y\u0131l\u0131n birikimini bu \u00e7al\u0131\u015fmaya yans\u0131tacaklar\u0131n\u0131 belirten Mesa Y\u00f6netim Kurulu Ba\u015fkan\u0131 Erhan Boysano\u011flu; &#8220;Buras\u0131 farkl\u0131 anlay\u0131\u015flarda 5 konunun birle\u015fti\u011fi ve ayr\u0131\u015ft\u0131\u011f\u0131 bir yer olacak. T\u00fcrkiye&#8217;de az yap\u0131lan, hatta yap\u0131lmayan konular\u0131, ilk kez burada bir b\u00fct\u00fcn i\u00e7inde ger\u00e7ekle\u015ftirece\u011fiz.<\/p>\n<p>1500 d\u00f6n\u00fcm \u00fczerinde net alan olarak yakla\u015f\u0131k 500-600 bin metrekare insaat yapaca\u011f\u0131z. Bu rakam br\u00fct in\u015faat alan\u0131 olarak 900 bin metrekareye kadar \u00e7\u0131kabilir&#8221; diye konu\u015ftu. Projenin herhangi bir flnansal sorunla kar\u015f\u0131la\u015fmayaca\u011f\u0131n\u0131 da belirten Boysano\u011flu, &#8220;Projeyle ilgili \u00f6zellikle yabanc\u0131lardan haftada 3-5 teklif geliyor. Bunlar\u0131n aras\u0131nda baz\u0131 fonlar da yer al\u0131yor&#8221; dedi. Boysano\u011flu, projeye bankalar\u0131n da olduk\u00e7a ilgili olduklar\u0131n\u0131 belirtti.<\/p>\n<p><strong>23 Milyon Ziyaret\u00e7i, 8 Bin Ki\u015filik \u0130stihdam<\/strong><\/p>\n<p>Mesa Mesken Y\u00f6netim Kurulu \u00dcyesi ve Genel M\u00fcd\u00fcr\u00fc Ahmet Can Aynag\u00f6z ise ara\u015ft\u0131rma ve geli\u015ftirme safhas\u0131nda olduklar\u0131 \u015fu a\u015famada kesin rakamlar veremeyeceklerini belirtti. Projede ciddi bir AVM yat\u0131r\u0131m\u0131 yapacaklarmA da de\u011finen Aynag\u00f6z, &#8220;\u0130stanbul&#8217;da ciddi bir fuar alam a\u00e7\u0131\u011f\u0131 var. Teknolojinin geldi\u011fi son noktalar\u0131 da ihtiva edecek \u015fekilde, uluslararas\u0131 boyutta fuar alanlar\u0131 ger\u00e7ekle\u015ftirilecek. Projenin in\u015fas\u0131 4-5 y\u0131l kadar devam edecek ve yap\u0131m s\u00fcrecinde de 4-5 bin civar\u0131nda insan istihdam edilecek&#8221; dedi. Aynag\u00f6z, 3 bin konutun bulunaca\u011f\u0131 projeyi, sadece ticari alanlar, fuar alanlar\u0131 ve Tema Park i\u00e7in y\u0131lda toplam 23 milyon ki\u015finin ziyaret edece\u011fini belirtti. Aynag\u00f6z, &#8220;Yap\u0131m a\u015famas\u0131nda 4 bin ki\u015fiye i\u015f olana\u011f\u0131 yaratacak olan proje, bitiminde ise 8 bin ki\u015fiye istihdam\u00a0 olana\u011f\u0131 sa\u011flayacak&#8221; dedi.<\/p>\n<p><strong>&#8220;Stratejik ortakl\u0131klar olabilir&#8221;<\/strong><\/p>\n<p>Kantur-Akda\u015f Y\u00f6netim Kurulu Ba\u015fkan\u0131 Ali Kantur ise; \u0130stanbul&#8217;a bir \u015feyler katmak, kentte y\u0131ll\u0131k 23 milyon insan\u0131n\u0131n hareketini sorunsuz olarak y\u00f6nlendirebilmek i\u00e7in \u00e7al\u0131\u015ft\u0131klar\u0131n kaydetti. Alan\u0131n, \u00e7evre yoluna ve havaliman\u0131na yak\u0131nl\u0131\u011f\u0131na dikkat \u00e7eken ve milyonlarca insan\u0131n ula\u015f\u0131m\u0131 i\u00e7in projenin metro ba\u011flant\u0131s\u0131n\u0131n da \u015fart oldu\u011funu belirten Kantur, &#8220;Genel anlamda bizlerin bu projeyi ger\u00e7ekle\u015ftirebilecek her t\u00fcrl\u00fc bilgi birikimimiz mevcut. Fakat fuar, e\u011flence merkezi ve kongre yap\u0131lanmalar\u0131 \u00e7ok \u00f6nemli. Dolay\u0131s\u0131yla buralarda, d\u00fcnyadan stratejik ortakl\u0131klar olabilir&#8221; diye konu\u015ftu.<\/p>\n<p><strong>T\u00fcrkiye&#8217;nin sembol projesi olacak<\/strong><\/p>\n<p>Tema\u00a0\u00a0 Park&#8217;m\u00a0 sadece\u00a0 \u0130stanbul\u00a0 ve T\u00fcrkiye&#8217;nin de\u011fil,\u00a0 d\u00fcnyan\u0131n \u00f6nemli projelerinden biri olmas\u0131n\u0131 hedeflediklerini belirten Ali Kantur; &#8220;E\u011flence merkezi dendi\u011finde t\u00fcm adresler do\u011frudan Amerika&#8217;y\u0131 g\u00f6steriyor. Bizde Amerikal\u0131 firmalar ile temas halindeyiz&#8221; dedi. Arazi i\u00e7indeki eski kat\u0131 at\u0131k alam ile ilgili rehabilitasyon \u00e7al\u0131\u015fmalar\u0131na da de\u011finen Kantur; &#8220;Bir arazinin, \u00e7\u00f6plerini kald\u0131r\u0131larak oras\u0131n\u0131 imara uygun hale getirilmesi i\u015fini yapan, d\u00fcnyadaki en iyi 2-3 firma arasmda-y\u0131z. Buras\u0131n\u0131n nas\u0131l d\u00f6n\u00fc\u015ft\u00fcr\u00fclece\u011finin bilgisine, kullan\u0131lacak makinelerin tasarlanmas\u0131na ve \u00fcretilmesine, gerekli t\u00fcm tesisleri kurma kabiliyetine ve tecr\u00fcbesine de sahibiz. Bu konuda bir\u00e7ok yabanc\u0131 devletlere dan\u0131\u015fmanl\u0131k hizmeti de veriyoruz. Bu konu, bizim i\u00e7in asla sorun de\u011fil&#8221; diyerek, rehabilitasyon i\u00e7in b\u00fct\u00e7ede ayr\u0131lan rakam\u0131n 80 milyon TL oldu\u011funu belirtti.<\/p>\n<p><strong>2011&#8217;de ilk kazma vurulacak<\/strong><\/p>\n<p>Mesa Mesken ve Kantur-Akda\u015f \u0130\u015f Ortakl\u0131\u011f\u0131&#8217;n\u0131n, b\u00fcy\u00fck bir titizlikle ve yo\u011fun bir \u015fekilde s\u00fcrd\u00fcrd\u00fckleri \u00f6n haz\u0131rl\u0131k \u00e7al\u0131\u015fmalar\u0131n\u0131n y\u0131l ortas\u0131na kadar s\u00fcrebilece\u011fi ve sene sonunda ise araziye ilk kazmay\u0131 vurmay\u0131 hedefledikleri belirtildi. Farkl\u0131 bir \u00e7ok yap\u0131dan olu\u015facak dev projenin 4-5 y\u0131lda tamamlanarak, 2015-2016 y\u0131llar\u0131nda hayata ge\u00e7irilmesi planlan\u0131yor.<\/p>\n","protected":false},"excerpt":{"rendered":"<p>T\u00fcrkiye&#8217;nin en b\u00fcy\u00fck ve en \u00f6nemli projeleri aras\u0131nda yer alan Atakent \u00d6zel Proje Alan\u0131 ve Tema Park Projesinde, ilk ad\u0131mlar at\u0131lmaya ba\u015fland\u0131, ihaleyi kazanan Mesa Mesken &amp; Kantur-Akda\u015f \u0130\u015f Ortakl\u0131\u011f\u0131, en az yakla\u015f\u0131k 2 milyar TL de\u011fer belirlenen projenin y\u0131lda yakla\u015f\u0131k 23 milyon ziyaret\u00e7i \u00e7ekece\u011fini, in\u015faat a\u015famas\u0131nda 4 bin, sonras\u0131nda ise 8 bin ki\u015fiye istihdam [&hellip;]<\/p>\n","protected":false},"author":1,"featured_media":66,"comment_status":"open","ping_status":"open","sticky":false,"template":"","format":"standard","meta":{"footnotes":""},"categories":[3],"tags":[10,9],"class_list":["post-65","post","type-post","status-publish","format-standard","has-post-thumbnail","hentry","category-insaat-sektoru","tag-atakent-ozel-proje-alani","tag-tema-park"],"_links":{"self":[{"href":"https:\/\/www.sirketler.net\/index.php\/wp-json\/wp\/v2\/posts\/65","targetHints":{"allow":["GET"]}}],"collection":[{"href":"https:\/\/www.sirketler.net\/index.php\/wp-json\/wp\/v2\/posts"}],"about":[{"href":"https:\/\/www.sirketler.net\/index.php\/wp-json\/wp\/v2\/types\/post"}],"author":[{"embeddable":true,"href":"https:\/\/www.sirketler.net\/index.php\/wp-json\/wp\/v2\/users\/1"}],"replies":[{"embeddable":true,"href":"https:\/\/www.sirketler.net\/index.php\/wp-json\/wp\/v2\/comments?post=65"}],"version-history":[{"count":2,"href":"https:\/\/www.sirketler.net\/index.php\/wp-json\/wp\/v2\/posts\/65\/revisions"}],"predecessor-version":[{"id":68,"href":"https:\/\/www.sirketler.net\/index.php\/wp-json\/wp\/v2\/posts\/65\/revisions\/68"}],"wp:featuredmedia":[{"embeddable":true,"href":"https:\/\/www.sirketler.net\/index.php\/wp-json\/wp\/v2\/media\/66"}],"wp:attachment":[{"href":"https:\/\/www.sirketler.net\/index.php\/wp-json\/wp\/v2\/media?parent=65"}],"wp:term":[{"taxonomy":"category","embeddable":true,"href":"https:\/\/www.sirketler.net\/index.php\/wp-json\/wp\/v2\/categories?post=65"},{"taxonomy":"post_tag","embeddable":true,"href":"https:\/\/www.sirketler.net\/index.php\/wp-json\/wp\/v2\/tags?post=65"}],"curies":[{"name":"wp","href":"https:\/\/api.w.org\/{rel}","templated":true}]}}